{"id":1870,"date":"2021-09-06T10:53:22","date_gmt":"2021-09-06T13:53:22","guid":{"rendered":"https:\/\/blog.satellitus.com\/?p=1870"},"modified":"2023-03-14T12:26:18","modified_gmt":"2023-03-14T15:26:18","slug":"sustentabilidade-deve-estar-no-centro-das-discussoes-corporativas","status":"publish","type":"post","link":"https:\/\/blog.satellitus.com\/index.php\/2021\/09\/06\/sustentabilidade-deve-estar-no-centro-das-discussoes-corporativas\/","title":{"rendered":"Sustentabilidade deve estar no centro das discuss\u00f5es corporativas"},"content":{"rendered":"\n<p>A sustentabilidade \u00e9 uma grande preocupa\u00e7\u00e3o do mundo moderno. E n\u00e3o somos n\u00f3s que estamos falando isso, mas sim o Google. Segundo o Google Trends, em 2020 cresceu em 250% as buscas pelo significado da palavra \u201csustentabilidade\u201d e em 130% a procura por \u201cdicas de sustentabilidade\u201d. <\/p>\n\n\n\n<p>Seja no meio social ou pol\u00edtico, a sustentabilidade \u00e9 o grande foco das discuss\u00f5es. E ultimamente at\u00e9 no meio empresarial a sustentabilidade tem estado presente devido ao interesse dos pr\u00f3prios consumidores.<\/p>\n\n\n\n<p>Uma ind\u00fastria sustent\u00e1vel, al\u00e9m de ser ambientalmente correta, \u00e9 tamb\u00e9m um ponto positivo para a competitividade da institui\u00e7\u00e3o. Uma pesquisa realizada pela Union + Webster que aponta que 87% da popula\u00e7\u00e3o brasileira prefere comprar produtos e servi\u00e7os de empresas sustent\u00e1veis e 70% dos entrevistados tamb\u00e9m afirmaram que n\u00e3o se importam em pagar um pouco mais por isso.<\/p>\n\n\n\n<p>Seria o momento de as empresas repensarem suas atitudes e investirem de fato em sustentabilidade para figurarem no mercado? Mas por onde come\u00e7ar?<\/p>\n\n\n\n<p>Professor especialista em sustentabilidade, Claudio Scheidt, d\u00e1 algumas dicas para voc\u00ea que pretende adotar pr\u00e1ticas sustent\u00e1veis na sua organiza\u00e7\u00e3o. Vem conferir!<\/p>\n\n\n\n<p><\/p>\n\n\n\n<figure class=\"wp-block-embed is-type-video is-provider-youtube wp-block-embed-youtube wp-embed-aspect-16-9 wp-has-aspect-ratio\"><div class=\"wp-block-embed__wrapper\">\n<iframe title=\"Bate-papo | Sustentabilidade Empresarial\" width=\"1128\" height=\"635\" src=\"https:\/\/www.youtube.com\/embed\/GfdzCLo0kFg?feature=oembed\" frameborder=\"0\" allow=\"accelerometer; autoplay; clipboard-write; encrypted-media; gyroscope; picture-in-picture\" allowfullscreen><\/iframe>\n<\/div><\/figure>\n","protected":false},"excerpt":{"rendered":"<p>A sustentabilidade \u00e9 uma grande preocupa\u00e7\u00e3o do mundo moderno. E n\u00e3o somos n\u00f3s que estamos falando isso, mas sim o Google. Segundo o Google Trends, em 2020 cresceu em 250% as buscas pelo significado da palavra \u201csustentabilidade\u201d e em 130% a procura por \u201cdicas de sustentabilidade\u201d. Seja no meio social ou pol\u00edtico, a sustentabilidade \u00e9 [&hellip;]<\/p>\n","protected":false},"author":7,"featured_media":1871,"comment_status":"closed","ping_status":"open","sticky":false,"template":"","format":"standard","meta":{"content-type":"","_uf_show_specific_survey":0,"_uf_disable_surveys":false},"categories":[33],"tags":[106,225,223],"aioseo_notices":[],"yoast_head":"<!-- This site is optimized with the Yoast SEO plugin v21.4 - https:\/\/yoast.com\/wordpress\/plugins\/seo\/ -->\n<title>Sustentabilidade deve estar no centro das discuss\u00f5es corporativas - Blog | Satellitus Tecnologia<\/title>\n<meta name=\"robots\" content=\"index, follow, max-snippet:-1, max-image-preview:large, max-video-preview:-1\" \/>\n<link rel=\"canonical\" href=\"https:\/\/blog.satellitus.com\/index.php\/2021\/09\/06\/sustentabilidade-deve-estar-no-centro-das-discussoes-corporativas\/\" \/>\n<meta property=\"og:locale\" content=\"pt_BR\" \/>\n<meta property=\"og:type\" content=\"article\" \/>\n<meta property=\"og:title\" content=\"Sustentabilidade deve estar no centro das discuss\u00f5es corporativas - Blog | Satellitus Tecnologia\" \/>\n<meta property=\"og:description\" content=\"A sustentabilidade \u00e9 uma grande preocupa\u00e7\u00e3o do mundo moderno. E n\u00e3o somos n\u00f3s que estamos falando isso, mas sim o Google. Segundo o Google Trends, em 2020 cresceu em 250% as buscas pelo significado da palavra \u201csustentabilidade\u201d e em 130% a procura por \u201cdicas de sustentabilidade\u201d. Seja no meio social ou pol\u00edtico, a sustentabilidade \u00e9 [&hellip;]\" \/>\n<meta property=\"og:url\" content=\"https:\/\/blog.satellitus.com\/index.php\/2021\/09\/06\/sustentabilidade-deve-estar-no-centro-das-discussoes-corporativas\/\" \/>\n<meta property=\"og:site_name\" content=\"Blog | Satellitus Tecnologia\" \/>\n<meta property=\"article:published_time\" content=\"2021-09-06T13:53:22+00:00\" \/>\n<meta property=\"article:modified_time\" content=\"2023-03-14T15:26:18+00:00\" \/>\n<meta property=\"og:image\" content=\"https:\/\/blog.satellitus.com\/wp-content\/uploads\/2021\/09\/Banner_Sustentabilidade.png\" \/>\n\t<meta property=\"og:image:width\" content=\"680\" \/>\n\t<meta property=\"og:image:height\" content=\"453\" \/>\n\t<meta property=\"og:image:type\" content=\"image\/png\" \/>\n<meta name=\"author\" content=\"Satellitus Tecnologia\" \/>\n<meta name=\"twitter:card\" content=\"summary_large_image\" \/>\n<meta name=\"twitter:label1\" content=\"Escrito por\" \/>\n\t<meta name=\"twitter:data1\" content=\"Satellitus Tecnologia\" \/>\n\t<meta name=\"twitter:label2\" content=\"Est. tempo de leitura\" \/>\n\t<meta name=\"twitter:data2\" content=\"1 minuto\" \/>\n<script type=\"application\/ld+json\" class=\"yoast-schema-graph\">{\"@context\":\"https:\/\/schema.org\",\"@graph\":[{\"@type\":\"WebPage\",\"@id\":\"https:\/\/blog.satellitus.com\/index.php\/2021\/09\/06\/sustentabilidade-deve-estar-no-centro-das-discussoes-corporativas\/\",\"url\":\"https:\/\/blog.satellitus.com\/index.php\/2021\/09\/06\/sustentabilidade-deve-estar-no-centro-das-discussoes-corporativas\/\",\"name\":\"Sustentabilidade deve estar no centro das discuss\u00f5es corporativas - Blog | Satellitus Tecnologia\",\"isPartOf\":{\"@id\":\"https:\/\/blog.satellitus.com\/#website\"},\"datePublished\":\"2021-09-06T13:53:22+00:00\",\"dateModified\":\"2023-03-14T15:26:18+00:00\",\"author\":{\"@id\":\"https:\/\/blog.satellitus.com\/#\/schema\/person\/93115c44ac7492ae8b0cc04152cb15b0\"},\"breadcrumb\":{\"@id\":\"https:\/\/blog.satellitus.com\/index.php\/2021\/09\/06\/sustentabilidade-deve-estar-no-centro-das-discussoes-corporativas\/#breadcrumb\"},\"inLanguage\":\"pt-BR\",\"potentialAction\":[{\"@type\":\"ReadAction\",\"target\":[\"https:\/\/blog.satellitus.com\/index.php\/2021\/09\/06\/sustentabilidade-deve-estar-no-centro-das-discussoes-corporativas\/\"]}]},{\"@type\":\"BreadcrumbList\",\"@id\":\"https:\/\/blog.satellitus.com\/index.php\/2021\/09\/06\/sustentabilidade-deve-estar-no-centro-das-discussoes-corporativas\/#breadcrumb\",\"itemListElement\":[{\"@type\":\"ListItem\",\"position\":1,\"name\":\"Home\",\"item\":\"https:\/\/blog.satellitus.com\/\"},{\"@type\":\"ListItem\",\"position\":2,\"name\":\"Sustentabilidade deve estar no centro das discuss\u00f5es corporativas\"}]},{\"@type\":\"WebSite\",\"@id\":\"https:\/\/blog.satellitus.com\/#website\",\"url\":\"https:\/\/blog.satellitus.com\/\",\"name\":\"Blog | Satellitus Tecnologia\",\"description\":\"\",\"potentialAction\":[{\"@type\":\"SearchAction\",\"target\":{\"@type\":\"EntryPoint\",\"urlTemplate\":\"https:\/\/blog.satellitus.com\/?s={search_term_string}\"},\"query-input\":\"required name=search_term_string\"}],\"inLanguage\":\"pt-BR\"},{\"@type\":\"Person\",\"@id\":\"https:\/\/blog.satellitus.com\/#\/schema\/person\/93115c44ac7492ae8b0cc04152cb15b0\",\"name\":\"Satellitus Tecnologia\",\"url\":\"https:\/\/blog.satellitus.com\/index.php\/author\/satellitus\/\"}]}<\/script>\n<!-- \/ Yoast SEO plugin. -->","yoast_head_json":{"title":"Sustentabilidade deve estar no centro das discuss\u00f5es corporativas - Blog | Satellitus Tecnologia","robots":{"index":"index","follow":"follow","max-snippet":"max-snippet:-1","max-image-preview":"max-image-preview:large","max-video-preview":"max-video-preview:-1"},"canonical":"https:\/\/blog.satellitus.com\/index.php\/2021\/09\/06\/sustentabilidade-deve-estar-no-centro-das-discussoes-corporativas\/","og_locale":"pt_BR","og_type":"article","og_title":"Sustentabilidade deve estar no centro das discuss\u00f5es corporativas - Blog | Satellitus Tecnologia","og_description":"A sustentabilidade \u00e9 uma grande preocupa\u00e7\u00e3o do mundo moderno. E n\u00e3o somos n\u00f3s que estamos falando isso, mas sim o Google. Segundo o Google Trends, em 2020 cresceu em 250% as buscas pelo significado da palavra \u201csustentabilidade\u201d e em 130% a procura por \u201cdicas de sustentabilidade\u201d. Seja no meio social ou pol\u00edtico, a sustentabilidade \u00e9 [&hellip;]","og_url":"https:\/\/blog.satellitus.com\/index.php\/2021\/09\/06\/sustentabilidade-deve-estar-no-centro-das-discussoes-corporativas\/","og_site_name":"Blog | Satellitus Tecnologia","article_published_time":"2021-09-06T13:53:22+00:00","article_modified_time":"2023-03-14T15:26:18+00:00","og_image":[{"width":680,"height":453,"url":"https:\/\/blog.satellitus.com\/wp-content\/uploads\/2021\/09\/Banner_Sustentabilidade.png","type":"image\/png"}],"author":"Satellitus Tecnologia","twitter_card":"summary_large_image","twitter_misc":{"Escrito por":"Satellitus Tecnologia","Est. tempo de leitura":"1 minuto"},"schema":{"@context":"https:\/\/schema.org","@graph":[{"@type":"WebPage","@id":"https:\/\/blog.satellitus.com\/index.php\/2021\/09\/06\/sustentabilidade-deve-estar-no-centro-das-discussoes-corporativas\/","url":"https:\/\/blog.satellitus.com\/index.php\/2021\/09\/06\/sustentabilidade-deve-estar-no-centro-das-discussoes-corporativas\/","name":"Sustentabilidade deve estar no centro das discuss\u00f5es corporativas - Blog | Satellitus Tecnologia","isPartOf":{"@id":"https:\/\/blog.satellitus.com\/#website"},"datePublished":"2021-09-06T13:53:22+00:00","dateModified":"2023-03-14T15:26:18+00:00","author":{"@id":"https:\/\/blog.satellitus.com\/#\/schema\/person\/93115c44ac7492ae8b0cc04152cb15b0"},"breadcrumb":{"@id":"https:\/\/blog.satellitus.com\/index.php\/2021\/09\/06\/sustentabilidade-deve-estar-no-centro-das-discussoes-corporativas\/#breadcrumb"},"inLanguage":"pt-BR","potentialAction":[{"@type":"ReadAction","target":["https:\/\/blog.satellitus.com\/index.php\/2021\/09\/06\/sustentabilidade-deve-estar-no-centro-das-discussoes-corporativas\/"]}]},{"@type":"BreadcrumbList","@id":"https:\/\/blog.satellitus.com\/index.php\/2021\/09\/06\/sustentabilidade-deve-estar-no-centro-das-discussoes-corporativas\/#breadcrumb","itemListElement":[{"@type":"ListItem","position":1,"name":"Home","item":"https:\/\/blog.satellitus.com\/"},{"@type":"ListItem","position":2,"name":"Sustentabilidade deve estar no centro das discuss\u00f5es corporativas"}]},{"@type":"WebSite","@id":"https:\/\/blog.satellitus.com\/#website","url":"https:\/\/blog.satellitus.com\/","name":"Blog | Satellitus Tecnologia","description":"","potentialAction":[{"@type":"SearchAction","target":{"@type":"EntryPoint","urlTemplate":"https:\/\/blog.satellitus.com\/?s={search_term_string}"},"query-input":"required name=search_term_string"}],"inLanguage":"pt-BR"},{"@type":"Person","@id":"https:\/\/blog.satellitus.com\/#\/schema\/person\/93115c44ac7492ae8b0cc04152cb15b0","name":"Satellitus Tecnologia","url":"https:\/\/blog.satellitus.com\/index.php\/author\/satellitus\/"}]}},"_links":{"self":[{"href":"https:\/\/blog.satellitus.com\/index.php\/wp-json\/wp\/v2\/posts\/1870"}],"collection":[{"href":"https:\/\/blog.satellitus.com\/index.php\/wp-json\/wp\/v2\/posts"}],"about":[{"href":"https:\/\/blog.satellitus.com\/index.php\/wp-json\/wp\/v2\/types\/post"}],"author":[{"embeddable":true,"href":"https:\/\/blog.satellitus.com\/index.php\/wp-json\/wp\/v2\/users\/7"}],"replies":[{"embeddable":true,"href":"https:\/\/blog.satellitus.com\/index.php\/wp-json\/wp\/v2\/comments?post=1870"}],"version-history":[{"count":2,"href":"https:\/\/blog.satellitus.com\/index.php\/wp-json\/wp\/v2\/posts\/1870\/revisions"}],"predecessor-version":[{"id":2563,"href":"https:\/\/blog.satellitus.com\/index.php\/wp-json\/wp\/v2\/posts\/1870\/revisions\/2563"}],"wp:featuredmedia":[{"embeddable":true,"href":"https:\/\/blog.satellitus.com\/index.php\/wp-json\/wp\/v2\/media\/1871"}],"wp:attachment":[{"href":"https:\/\/blog.satellitus.com\/index.php\/wp-json\/wp\/v2\/media?parent=1870"}],"wp:term":[{"taxonomy":"category","embeddable":true,"href":"https:\/\/blog.satellitus.com\/index.php\/wp-json\/wp\/v2\/categories?post=1870"},{"taxonomy":"post_tag","embeddable":true,"href":"https:\/\/blog.satellitus.com\/index.php\/wp-json\/wp\/v2\/tags?post=1870"}],"curies":[{"name":"wp","href":"https:\/\/api.w.org\/{rel}","templated":true}]}}