{"id":1448,"date":"2021-05-07T16:43:00","date_gmt":"2021-05-07T19:43:00","guid":{"rendered":"https:\/\/satellitus.com\/blog\/?p=1448"},"modified":"2021-07-01T13:26:38","modified_gmt":"2021-07-01T16:26:38","slug":"e-preciso-quebrar-o-paradigma-de-que-sucesso-profissional-e-maternidade-nao-podem-andar-juntos-afirma-people-analyst-da-satellitus-tecnologia","status":"publish","type":"post","link":"https:\/\/blog.satellitus.com\/index.php\/2021\/05\/07\/e-preciso-quebrar-o-paradigma-de-que-sucesso-profissional-e-maternidade-nao-podem-andar-juntos-afirma-people-analyst-da-satellitus-tecnologia\/","title":{"rendered":"\u201c\u00c9 preciso quebrar o paradigma de que sucesso e maternidade n\u00e3o andam juntos\u201d, afirma People Analyst"},"content":{"rendered":"\n<p>Muita coisa surge quando as palavras \u201cmaternidade\u201d e \u201ccarreira\u201d se cruzam. Conciliar maternidade e trabalho \u00e9 um desafio. Aos olhos de muitos um desafio f\u00e1cil de ser vencido, basta apenas muita organiza\u00e7\u00e3o e disciplina. Contudo, para mais de 28,1 milh\u00f5es de m\u00e3es que est\u00e3o no mercado de trabalho, segundo o \u00faltimo censo do IBGE (Instituto Brasileiro de Geografia e Estat\u00edstica), o caminho a ser percorrido \u00e9 muito mais tortuoso do que se imagina.&nbsp;<\/p>\n\n\n\n<p>Conciliar a vida profissional com a tarefa materna ainda \u00e9 visto como um desafio, principalmente por preconceito e falta de compreens\u00e3o nos ambientes de trabalho. Segundo <a href=\"https:\/\/mindminers.com\/blog\/mulheres-e-a-maternidade\/\"><strong>levantamento realizado pela MindMiners<\/strong><\/a>, empresa de tecnologia especializada em pesquisa digital, com 1.000 mulheres, pelo menos 30% delas declararam ter sofrido algum preconceito por causa da gravidez no ambiente de trabalho. Outras 28% tiveram problemas psicol\u00f3gicos por conta de press\u00e3o no trabalho e estabilidade.<\/p>\n\n\n\n<p>Apesar dos desafios constantes e barreiras estruturais, as mulheres e m\u00e3es lutam para assumir o protagonismo no mercado de trabalho todos os dias. Apesar dessa jornada ser longa, h\u00e1 meios de torn\u00e1-la poss\u00edvel e cabe \u00e0s organiza\u00e7\u00f5es a tarefa de mudar este cen\u00e1rio. O Dia das M\u00e3es, celebrado neste domingo (09), \u00e9 uma oportunidade de empresas reverem posicionamentos e estrat\u00e9gias e serem os pr\u00f3prios agentes de mudan\u00e7a na trajet\u00f3ria dessas m\u00e3es profissionais. Nesse sentido, o departamento de Recursos Humanos (RH) dessas organiza\u00e7\u00f5es tem um papel importante no processo.<\/p>\n\n\n\n<p>People Analyst na <strong><a rel=\"noreferrer noopener\" href=\"https:\/\/satellitus.com\/\" target=\"_blank\">Satellitus Tecnologia<\/a><\/strong>, Aline Campos tem 28 anos e \u00e9 m\u00e3e da Maria Luiza de 1 ano e 9 meses. Em entrevista especial ao <a href=\"https:\/\/satellitus.com\/blog\/\" data-type=\"URL\" data-id=\"https:\/\/satellitus.com\/blog\/\"><strong>Blog da<\/strong><\/a><a rel=\"noreferrer noopener\" href=\"https:\/\/satellitus.com\/blog\/\" data-type=\"URL\" data-id=\"https:\/\/satellitus.com\/blog\/\" target=\"_blank\"><strong> <\/strong><\/a><a href=\"https:\/\/satellitus.com\/blog\/\" data-type=\"URL\" data-id=\"https:\/\/satellitus.com\/blog\/\"><strong>Satellitus<\/strong><\/a>, Aline comentou sobre as dificuldades vivenciadas por mulheres que s\u00e3o m\u00e3es e que desejam se realizarem profissionalmente e destacou iniciativas que devem ser desenvolvidas por empresas, a fim de que o mercado seja um ambiente mais acolhedor.\u00a0<\/p>\n\n\n\n<figure class=\"wp-block-image size-large\"><img loading=\"lazy\" width=\"680\" height=\"453\" src=\"https:\/\/blog.satellitus.com\/wp-content\/uploads\/2021\/05\/Banner_7.png\" alt=\"\" class=\"wp-image-1452\"\/><figcaption><em>Aline Campos (People Analyst) e sua filha Maria Luiza de 1 ano e 9 meses (Foto: Arquivo\/Satellitus)<\/em><\/figcaption><\/figure>\n\n\n\n<p><strong>SATELLITUS TECNOLOGIA &#8211; Uma pesquisa realizada pela MindMiners sobre mercado de trabalho destacou que quase metade das entrevistadas j\u00e1 sentiram que foram rejeitadas para uma vaga simplesmente porque eram m\u00e3es ou pretendiam ser. O que voc\u00ea acha que leva empresas a simplesmente n\u00e3o trabalharem a inser\u00e7\u00e3o desse p\u00fablico no mercado de trabalho?<\/strong><\/p>\n\n\n\n<p><strong>ALINE CAMPOS:<\/strong> Infelizmente, as empresas ainda enxergam a maternidade como algo que \u201catrapalha\u201d a <a href=\"https:\/\/blog.satellitus.com\/index.php\/2023\/05\/09\/4-recursos-oferecidos-pelo-autem-para-gerar-mais-produtividade\/\">produtividade<\/a> e os resultados. O que \u00e9 uma vis\u00e3o equivocada. Afinal, o que determina resultados positivos s\u00e3o colaboradores motivados, engajados e que se identificam com a cultura da empresa e n\u00e3o o fato de terem ou n\u00e3o filhos.&nbsp;<\/p>\n\n\n\n<p><strong>SATELLITUS TECNOLOGIA &#8211; A cultura organizacional de uma empresa tem influ\u00eancia direta no apoio ou n\u00e3o \u00e0s colaboradoras?<\/strong><\/p>\n\n\n\n<p><strong>A.C: <\/strong>Com certeza. Uma empresa que n\u00e3o enxerga pessoas como prioridade e n\u00e3o praticam a empatia pelos colaboradores certamente n\u00e3o acolher\u00e1 mulheres e m\u00e3es. Em contrapartida, quando a cultura organizacional tem como valores a empatia, respeito e, al\u00e9m disso, coloca pessoas antes de resultados, o apoio a mulheres e m\u00e3es se torna algo natural.<\/p>\n\n\n\n<p><strong>SATELLITUS TECNOLOGIA &#8211; Qual \u00e9 o papel que deve ser desempenhado pelos profissionais de RH dentro de empresas no momento da contrata\u00e7\u00e3o e no acompanhamento de colaboradoras que s\u00e3o m\u00e3es?<\/strong><\/p>\n\n\n\n<p><strong>A.C:<\/strong> A maternidade n\u00e3o \u00e9 algo que deva ser questionado em um processo seletivo. Perguntas do tipo \u201ccom quem seu filho vai ficar para voc\u00ea trabalhar\u201d devem ser banidas.&nbsp;Devemos focar em compet\u00eancias e mulheres desenvolvem in\u00fameras delas quando se tornam m\u00e3es. O RH, como o pr\u00f3prio nome diz, \u00e9 um departamento de Recursos Humanos, portanto, \u00e9 nosso papel tratar candidatos e colaboradores como tal. Para isso, devemos ter a sensibilidade e empatia de entender que vez ou outra, uma colaboradora precisar\u00e1 acompanhar o filho ao m\u00e9dico ou ir buscar mais cedo na escola. Ter essa empatia nos proporciona colaboradores engajados e motivados.<\/p>\n\n\n\n<p><strong>SATELLITUS TECNOLOGIA &#8211; De que forma as organiza\u00e7\u00f5es podem contribuir para que as mulheres se sintam seguras ao decidirem ser m\u00e3es?<\/strong><\/p>\n\n\n\n<p><strong>A.C:<\/strong> Tratando este assunto como ele deve ser tratado, ou seja, com naturalidade. Afinal \u00e9 o processo natural da vida. Enquanto as empresas continuarem vendo isso como impeditivo para que mulheres desempenhem suas fun\u00e7\u00f5es, nunca teremos equidade no ambiente organizacional. Sempre estaremos em desvantagens em compara\u00e7\u00e3o aos homens.<\/p>\n\n\n\n<p><strong>SATELLITUS TECNOLOGIA &#8211; Voc\u00ea \u00e9 m\u00e3e e em algum momento da vida teve de procurar emprego. Como voc\u00ea sentiu o mercado? Receptivo ou nada acolhedor?&nbsp;<\/strong><\/p>\n\n\n\n<p><strong>A.C: <\/strong>Com toda a certeza, nada acolhedor. Em uma das entrevistas que realizei, a selecionadora me disse que ficava preocupada pelo fato de contratar uma mulher que tinha filha e a empresa \u201cficar na m\u00e3o\u201d caso a minha filha ficasse doente. Infelizmente, o mercado ainda prioriza pessoas sem filhos, pois os enxergam como impeditivo para a realiza\u00e7\u00e3o de um bom trabalho.<\/p>\n\n\n\n<p><strong>SATELLITUS TECNOLOGIA &#8211; Voc\u00ea j\u00e1 tinha uma filha quando passou pelo processo de sele\u00e7\u00e3o na Satellitus Tecnologia. Como foi esse primeiro contato e recep\u00e7\u00e3o por parte dos que a contrataram?<\/strong><\/p>\n\n\n\n<p><strong>A.C: <\/strong>Fui recepcionada como uma profissional como outra qualquer, independente de ser ou n\u00e3o m\u00e3e. Fui entrevistada de acordo com as minhas <em>skills<\/em> e as compet\u00eancias que o cargo exigia. Em nenhum momento a maternidade foi questionada ou vista como um impedimento para minha contrata\u00e7\u00e3o, pelo contr\u00e1rio, ela foi acolhida e compreendida.<\/p>\n\n\n\n<p><strong>SATELLITUS TECNOLOGIA &#8211; De que forma a gest\u00e3o e a cultura organizacional da Satellitus contribui para um acolhimento destas profissionais que est\u00e3o em busca de conciliar trabalho e maternidade?&nbsp;<\/strong><\/p>\n\n\n\n<p><strong>A.C: <\/strong>A Satellitus utiliza a Gest\u00e3o 3.0, onde nosso foco s\u00e3o pessoas. Um dos nossos pilares \u00e9 a empatia. Partindo desse princ\u00edpio entendemos e acolhemos essas m\u00e3es.<\/p>\n\n\n\n<p><strong>SATELLITUS TECNOLOGIA &#8211; Voc\u00ea acredita que o mundo corporativo ainda tem que passar por muitas mudan\u00e7as para dar apoio, suporte e ferramentas, ou seja, condi\u00e7\u00f5es de verdade para as m\u00e3es que buscam se realizar profissionalmente?<\/strong><\/p>\n\n\n\n<p><strong>A.C: <\/strong>O mundo corporativo precisa mudar seu olhar e a sua cultura perante os m\u00e9todos de trabalho e a forma como enxergam as m\u00e3es. Proporcionando a equidade de g\u00eaneros, ambiente acolhedor, inclusivo e de respeito \u00e0s m\u00e3es e pais. Desconstruir a vis\u00e3o de que jornadas extensas de trabalho s\u00e3o sin\u00f4nimos de produtividade.<\/p>\n\n\n\n<p><strong>SATELLITUS TECNOLOGIA &#8211; De que forma a sociedade pode contribuir para que a simples ideia de ter filhos e uma carreira bem sucedida por parte das mulheres deixe de ser um tabu dentro do mundo corporativo?<\/strong><\/p>\n\n\n\n<p><strong>A.C: <\/strong>Desconstruindo o modelo machista que vem sendo praticado, onde os afazeres dom\u00e9sticos e a responsabilidade pelos filhos fica centralizada exclusivamente na mulher e para os homens cabe apenas a parte financeira. \u00c9 preciso quebrar o paradigma de que sucesso profissional e maternidade n\u00e3o podem andar juntos.&nbsp;<\/p>\n","protected":false},"excerpt":{"rendered":"<p>Muita coisa surge quando as palavras \u201cmaternidade\u201d e \u201ccarreira\u201d se cruzam. Conciliar maternidade e trabalho \u00e9 um desafio. Aos olhos de muitos um desafio f\u00e1cil de ser vencido, basta apenas muita organiza\u00e7\u00e3o e disciplina. Contudo, para mais de 28,1 milh\u00f5es de m\u00e3es que est\u00e3o no mercado de trabalho, segundo o \u00faltimo censo do IBGE (Instituto [&hellip;]<\/p>\n","protected":false},"author":7,"featured_media":1452,"comment_status":"closed","ping_status":"open","sticky":false,"template":"","format":"standard","meta":{"content-type":"","_uf_show_specific_survey":0,"_uf_disable_surveys":false},"categories":[78],"tags":[166,83,165,164,167,97],"aioseo_notices":[],"yoast_head":"<!-- This site is optimized with the Yoast SEO plugin v21.4 - https:\/\/yoast.com\/wordpress\/plugins\/seo\/ -->\n<title>\u201c\u00c9 preciso quebrar o paradigma de que sucesso e maternidade n\u00e3o andam juntos\u201d, afirma People Analyst - Blog | Satellitus Tecnologia<\/title>\n<meta name=\"robots\" content=\"index, follow, max-snippet:-1, max-image-preview:large, max-video-preview:-1\" \/>\n<link rel=\"canonical\" href=\"https:\/\/blog.satellitus.com\/index.php\/2021\/05\/07\/e-preciso-quebrar-o-paradigma-de-que-sucesso-profissional-e-maternidade-nao-podem-andar-juntos-afirma-people-analyst-da-satellitus-tecnologia\/\" \/>\n<meta property=\"og:locale\" content=\"pt_BR\" \/>\n<meta property=\"og:type\" content=\"article\" \/>\n<meta property=\"og:title\" content=\"\u201c\u00c9 preciso quebrar o paradigma de que sucesso e maternidade n\u00e3o andam juntos\u201d, afirma People Analyst - Blog | Satellitus Tecnologia\" \/>\n<meta property=\"og:description\" content=\"Muita coisa surge quando as palavras \u201cmaternidade\u201d e \u201ccarreira\u201d se cruzam. Conciliar maternidade e trabalho \u00e9 um desafio. Aos olhos de muitos um desafio f\u00e1cil de ser vencido, basta apenas muita organiza\u00e7\u00e3o e disciplina. Contudo, para mais de 28,1 milh\u00f5es de m\u00e3es que est\u00e3o no mercado de trabalho, segundo o \u00faltimo censo do IBGE (Instituto [&hellip;]\" \/>\n<meta property=\"og:url\" content=\"https:\/\/blog.satellitus.com\/index.php\/2021\/05\/07\/e-preciso-quebrar-o-paradigma-de-que-sucesso-profissional-e-maternidade-nao-podem-andar-juntos-afirma-people-analyst-da-satellitus-tecnologia\/\" \/>\n<meta property=\"og:site_name\" content=\"Blog | Satellitus Tecnologia\" \/>\n<meta property=\"article:published_time\" content=\"2021-05-07T19:43:00+00:00\" \/>\n<meta property=\"article:modified_time\" content=\"2021-07-01T16:26:38+00:00\" \/>\n<meta property=\"og:image\" content=\"https:\/\/blog.satellitus.com\/wp-content\/uploads\/2021\/05\/Banner_7.png\" \/>\n\t<meta property=\"og:image:width\" content=\"680\" \/>\n\t<meta property=\"og:image:height\" content=\"453\" \/>\n\t<meta property=\"og:image:type\" content=\"image\/png\" \/>\n<meta name=\"author\" content=\"Satellitus Tecnologia\" \/>\n<meta name=\"twitter:card\" content=\"summary_large_image\" \/>\n<meta name=\"twitter:label1\" content=\"Escrito por\" \/>\n\t<meta name=\"twitter:data1\" content=\"Satellitus Tecnologia\" \/>\n\t<meta name=\"twitter:label2\" content=\"Est. tempo de leitura\" \/>\n\t<meta name=\"twitter:data2\" content=\"6 minutos\" \/>\n<script type=\"application\/ld+json\" class=\"yoast-schema-graph\">{\"@context\":\"https:\/\/schema.org\",\"@graph\":[{\"@type\":\"WebPage\",\"@id\":\"https:\/\/blog.satellitus.com\/index.php\/2021\/05\/07\/e-preciso-quebrar-o-paradigma-de-que-sucesso-profissional-e-maternidade-nao-podem-andar-juntos-afirma-people-analyst-da-satellitus-tecnologia\/\",\"url\":\"https:\/\/blog.satellitus.com\/index.php\/2021\/05\/07\/e-preciso-quebrar-o-paradigma-de-que-sucesso-profissional-e-maternidade-nao-podem-andar-juntos-afirma-people-analyst-da-satellitus-tecnologia\/\",\"name\":\"\u201c\u00c9 preciso quebrar o paradigma de que sucesso e maternidade n\u00e3o andam juntos\u201d, afirma People Analyst - Blog | Satellitus Tecnologia\",\"isPartOf\":{\"@id\":\"https:\/\/blog.satellitus.com\/#website\"},\"datePublished\":\"2021-05-07T19:43:00+00:00\",\"dateModified\":\"2021-07-01T16:26:38+00:00\",\"author\":{\"@id\":\"https:\/\/blog.satellitus.com\/#\/schema\/person\/93115c44ac7492ae8b0cc04152cb15b0\"},\"breadcrumb\":{\"@id\":\"https:\/\/blog.satellitus.com\/index.php\/2021\/05\/07\/e-preciso-quebrar-o-paradigma-de-que-sucesso-profissional-e-maternidade-nao-podem-andar-juntos-afirma-people-analyst-da-satellitus-tecnologia\/#breadcrumb\"},\"inLanguage\":\"pt-BR\",\"potentialAction\":[{\"@type\":\"ReadAction\",\"target\":[\"https:\/\/blog.satellitus.com\/index.php\/2021\/05\/07\/e-preciso-quebrar-o-paradigma-de-que-sucesso-profissional-e-maternidade-nao-podem-andar-juntos-afirma-people-analyst-da-satellitus-tecnologia\/\"]}]},{\"@type\":\"BreadcrumbList\",\"@id\":\"https:\/\/blog.satellitus.com\/index.php\/2021\/05\/07\/e-preciso-quebrar-o-paradigma-de-que-sucesso-profissional-e-maternidade-nao-podem-andar-juntos-afirma-people-analyst-da-satellitus-tecnologia\/#breadcrumb\",\"itemListElement\":[{\"@type\":\"ListItem\",\"position\":1,\"name\":\"Home\",\"item\":\"https:\/\/blog.satellitus.com\/\"},{\"@type\":\"ListItem\",\"position\":2,\"name\":\"\u201c\u00c9 preciso quebrar o paradigma de que sucesso e maternidade n\u00e3o andam juntos\u201d, afirma People Analyst\"}]},{\"@type\":\"WebSite\",\"@id\":\"https:\/\/blog.satellitus.com\/#website\",\"url\":\"https:\/\/blog.satellitus.com\/\",\"name\":\"Blog | Satellitus Tecnologia\",\"description\":\"\",\"potentialAction\":[{\"@type\":\"SearchAction\",\"target\":{\"@type\":\"EntryPoint\",\"urlTemplate\":\"https:\/\/blog.satellitus.com\/?s={search_term_string}\"},\"query-input\":\"required name=search_term_string\"}],\"inLanguage\":\"pt-BR\"},{\"@type\":\"Person\",\"@id\":\"https:\/\/blog.satellitus.com\/#\/schema\/person\/93115c44ac7492ae8b0cc04152cb15b0\",\"name\":\"Satellitus Tecnologia\",\"url\":\"https:\/\/blog.satellitus.com\/index.php\/author\/satellitus\/\"}]}<\/script>\n<!-- \/ Yoast SEO plugin. -->","yoast_head_json":{"title":"\u201c\u00c9 preciso quebrar o paradigma de que sucesso e maternidade n\u00e3o andam juntos\u201d, afirma People Analyst - Blog | Satellitus Tecnologia","robots":{"index":"index","follow":"follow","max-snippet":"max-snippet:-1","max-image-preview":"max-image-preview:large","max-video-preview":"max-video-preview:-1"},"canonical":"https:\/\/blog.satellitus.com\/index.php\/2021\/05\/07\/e-preciso-quebrar-o-paradigma-de-que-sucesso-profissional-e-maternidade-nao-podem-andar-juntos-afirma-people-analyst-da-satellitus-tecnologia\/","og_locale":"pt_BR","og_type":"article","og_title":"\u201c\u00c9 preciso quebrar o paradigma de que sucesso e maternidade n\u00e3o andam juntos\u201d, afirma People Analyst - Blog | Satellitus Tecnologia","og_description":"Muita coisa surge quando as palavras \u201cmaternidade\u201d e \u201ccarreira\u201d se cruzam. Conciliar maternidade e trabalho \u00e9 um desafio. Aos olhos de muitos um desafio f\u00e1cil de ser vencido, basta apenas muita organiza\u00e7\u00e3o e disciplina. Contudo, para mais de 28,1 milh\u00f5es de m\u00e3es que est\u00e3o no mercado de trabalho, segundo o \u00faltimo censo do IBGE (Instituto [&hellip;]","og_url":"https:\/\/blog.satellitus.com\/index.php\/2021\/05\/07\/e-preciso-quebrar-o-paradigma-de-que-sucesso-profissional-e-maternidade-nao-podem-andar-juntos-afirma-people-analyst-da-satellitus-tecnologia\/","og_site_name":"Blog | Satellitus Tecnologia","article_published_time":"2021-05-07T19:43:00+00:00","article_modified_time":"2021-07-01T16:26:38+00:00","og_image":[{"width":680,"height":453,"url":"https:\/\/blog.satellitus.com\/wp-content\/uploads\/2021\/05\/Banner_7.png","type":"image\/png"}],"author":"Satellitus Tecnologia","twitter_card":"summary_large_image","twitter_misc":{"Escrito por":"Satellitus Tecnologia","Est. tempo de leitura":"6 minutos"},"schema":{"@context":"https:\/\/schema.org","@graph":[{"@type":"WebPage","@id":"https:\/\/blog.satellitus.com\/index.php\/2021\/05\/07\/e-preciso-quebrar-o-paradigma-de-que-sucesso-profissional-e-maternidade-nao-podem-andar-juntos-afirma-people-analyst-da-satellitus-tecnologia\/","url":"https:\/\/blog.satellitus.com\/index.php\/2021\/05\/07\/e-preciso-quebrar-o-paradigma-de-que-sucesso-profissional-e-maternidade-nao-podem-andar-juntos-afirma-people-analyst-da-satellitus-tecnologia\/","name":"\u201c\u00c9 preciso quebrar o paradigma de que sucesso e maternidade n\u00e3o andam juntos\u201d, afirma People Analyst - Blog | Satellitus Tecnologia","isPartOf":{"@id":"https:\/\/blog.satellitus.com\/#website"},"datePublished":"2021-05-07T19:43:00+00:00","dateModified":"2021-07-01T16:26:38+00:00","author":{"@id":"https:\/\/blog.satellitus.com\/#\/schema\/person\/93115c44ac7492ae8b0cc04152cb15b0"},"breadcrumb":{"@id":"https:\/\/blog.satellitus.com\/index.php\/2021\/05\/07\/e-preciso-quebrar-o-paradigma-de-que-sucesso-profissional-e-maternidade-nao-podem-andar-juntos-afirma-people-analyst-da-satellitus-tecnologia\/#breadcrumb"},"inLanguage":"pt-BR","potentialAction":[{"@type":"ReadAction","target":["https:\/\/blog.satellitus.com\/index.php\/2021\/05\/07\/e-preciso-quebrar-o-paradigma-de-que-sucesso-profissional-e-maternidade-nao-podem-andar-juntos-afirma-people-analyst-da-satellitus-tecnologia\/"]}]},{"@type":"BreadcrumbList","@id":"https:\/\/blog.satellitus.com\/index.php\/2021\/05\/07\/e-preciso-quebrar-o-paradigma-de-que-sucesso-profissional-e-maternidade-nao-podem-andar-juntos-afirma-people-analyst-da-satellitus-tecnologia\/#breadcrumb","itemListElement":[{"@type":"ListItem","position":1,"name":"Home","item":"https:\/\/blog.satellitus.com\/"},{"@type":"ListItem","position":2,"name":"\u201c\u00c9 preciso quebrar o paradigma de que sucesso e maternidade n\u00e3o andam juntos\u201d, afirma People Analyst"}]},{"@type":"WebSite","@id":"https:\/\/blog.satellitus.com\/#website","url":"https:\/\/blog.satellitus.com\/","name":"Blog | Satellitus Tecnologia","description":"","potentialAction":[{"@type":"SearchAction","target":{"@type":"EntryPoint","urlTemplate":"https:\/\/blog.satellitus.com\/?s={search_term_string}"},"query-input":"required name=search_term_string"}],"inLanguage":"pt-BR"},{"@type":"Person","@id":"https:\/\/blog.satellitus.com\/#\/schema\/person\/93115c44ac7492ae8b0cc04152cb15b0","name":"Satellitus Tecnologia","url":"https:\/\/blog.satellitus.com\/index.php\/author\/satellitus\/"}]}},"_links":{"self":[{"href":"https:\/\/blog.satellitus.com\/index.php\/wp-json\/wp\/v2\/posts\/1448"}],"collection":[{"href":"https:\/\/blog.satellitus.com\/index.php\/wp-json\/wp\/v2\/posts"}],"about":[{"href":"https:\/\/blog.satellitus.com\/index.php\/wp-json\/wp\/v2\/types\/post"}],"author":[{"embeddable":true,"href":"https:\/\/blog.satellitus.com\/index.php\/wp-json\/wp\/v2\/users\/7"}],"replies":[{"embeddable":true,"href":"https:\/\/blog.satellitus.com\/index.php\/wp-json\/wp\/v2\/comments?post=1448"}],"version-history":[{"count":27,"href":"https:\/\/blog.satellitus.com\/index.php\/wp-json\/wp\/v2\/posts\/1448\/revisions"}],"predecessor-version":[{"id":1748,"href":"https:\/\/blog.satellitus.com\/index.php\/wp-json\/wp\/v2\/posts\/1448\/revisions\/1748"}],"wp:featuredmedia":[{"embeddable":true,"href":"https:\/\/blog.satellitus.com\/index.php\/wp-json\/wp\/v2\/media\/1452"}],"wp:attachment":[{"href":"https:\/\/blog.satellitus.com\/index.php\/wp-json\/wp\/v2\/media?parent=1448"}],"wp:term":[{"taxonomy":"category","embeddable":true,"href":"https:\/\/blog.satellitus.com\/index.php\/wp-json\/wp\/v2\/categories?post=1448"},{"taxonomy":"post_tag","embeddable":true,"href":"https:\/\/blog.satellitus.com\/index.php\/wp-json\/wp\/v2\/tags?post=1448"}],"curies":[{"name":"wp","href":"https:\/\/api.w.org\/{rel}","templated":true}]}}